{"id":831,"date":"2021-12-21T15:02:18","date_gmt":"2021-12-21T14:02:18","guid":{"rendered":"https:\/\/fortbildung-verbund3.schule.de\/?p=831"},"modified":"2025-04-12T14:13:13","modified_gmt":"2025-04-12T12:13:13","slug":"newsletter","status":"publish","type":"post","link":"https:\/\/fortbildung-verbund3.schule.de\/?p=831","title":{"rendered":"Aktuelle Angebote Mai-Juli 2025"},"content":{"rendered":"<p><!--more--><\/p>\n<p><a href=\"https:\/\/fortbildung-verbund3.schule.de\/wp-content\/uploads\/2025\/04\/2025.05.06.07_compressed.pdf\"><img loading=\"lazy\" decoding=\"async\" class=\"alignnone wp-image-3884 \" src=\"https:\/\/fortbildung-verbund3.schule.de\/wp-content\/uploads\/2024\/08\/PDF-267x300.png\" alt=\"\" width=\"140\" height=\"157\" \/><\/a><\/p>\n<p><!--more--><\/p>\n<h1 class=\"p1\"><b>Regionalkonferenzen, Fach- und Netzwerktreffen<span class=\"Apple-converted-space\">\u00a0 <\/span><\/b><span class=\"s1\"><b><span class=\"Apple-converted-space\">\u00a0 \u00a0<\/span><\/b><\/span><\/h1>\n<p class=\"p1\"><b>Alte Sprachen<\/b><\/p>\n<ul class=\"ul1\">\n<li class=\"li2\"><b><\/b>Mi., 04.06.2025, 15:00 Uhr &#8211; 17:30 Uhr <b><i>Online-Kurs: <\/i><\/b><a href=\"https:\/\/fortbildungen.berlin\/training\/121125\"><span class=\"s1\"><b>Regionalkonferenz Latein f\u00fcr Sek I, Sek II &#8211; Gymnasium (Verbund 3)<\/b><\/span><\/a> 25.1-121125<\/li>\n<li class=\"li3\"><b><\/b><span class=\"s3\">Mi., 25.06.2025, 15:00 Uhr &#8211; 17:30 Uhr <b><i>Online-Kurs: <\/i><\/b><a href=\"https:\/\/fortbildungen.berlin\/training\/121121\"><span class=\"s1\"><b>Regionalkonferenz Altgriechisch f\u00fcr Sek I, Sek II (Verbund 3 und weitere Regionen)<\/b><\/span><\/a> 25.1-121121<\/span><\/li>\n<\/ul>\n<p class=\"p1\"><b>Deutsch GS\/FZ<\/b><\/p>\n<ul class=\"ul1\">\n<li class=\"li3\"><span class=\"s3\"><b><\/b>Di., 01.07.2025, 15:00 Uhr &#8211; 17:00 Uhr <b><i>Online-Kurs: <\/i><\/b><a href=\"https:\/\/fortbildungen.berlin\/training\/125507\"><span class=\"s1\"><b>Regionalkonferenz Deutsch f\u00fcr GS\/FZ (Spandau, Charlottenburg-Wilmersdorf)<\/b><\/span><\/a> 25.1-125507<\/span><\/li>\n<li class=\"li2\"><b><\/b>Regionalkonferenz GS\/FZ Steglitz-Zehlendorf: Termin folgt<\/li>\n<\/ul>\n<p class=\"p1\"><b>Deutsch SEK I, SEK II<\/b><\/p>\n<ul class=\"ul1\">\n<li class=\"li2\"><b><\/b>Mi., 07.05.2025, 15:00 Uhr &#8211; 18:00 Uhr <a href=\"https:\/\/fortbildungen.berlin\/training\/120085\"><span class=\"s1\"><b>Regionalkonferenz Deutsch f\u00fcr Sek I, Sek II (Spandau)<\/b><\/span><\/a> 25.1-120085<\/li>\n<li class=\"li3\"><span class=\"s3\"><b><\/b>Do., 15.05.2025, 15:00 Uhr &#8211; 18:00 Uhr <a href=\"https:\/\/fortbildungen.berlin\/training\/122655\"><span class=\"s1\"><b>Regionalkonferenz Deutsch f\u00fcr Sek I, Sek II (Charlottenburg-Wilmersdorf)<\/b><\/span><\/a> 25.1-122655<\/span><\/li>\n<li class=\"li2\"><b><\/b>Regionalkonferenz SEK I, SEK II Steglitz-Zehlendorf: Termin folgt<\/li>\n<\/ul>\n<p class=\"p1\"><b>Englisch SEK I, SEK II<\/b><\/p>\n<ul class=\"ul1\">\n<li class=\"li3\"><span class=\"s3\"><b><\/b>Mo., 16.06.2025, 15:00 Uhr &#8211; 18:00 Uhr<b><i>Online-Kurs: <\/i><\/b><a href=\"https:\/\/fortbildungen.berlin\/training\/122059\"><span class=\"s1\"><b>Regionalkonferenz Englisch f\u00fcr Sek I, Sek II (Charlottenburg-Wilmersdorf)<\/b><\/span><\/a> 25.1-122059<\/span><\/li>\n<li class=\"li2\"><b><\/b>Mo., 16.06.2025, 15:00 Uhr &#8211; 18:00 Uhr <b><i>Online-Kurs:<\/i><\/b> <a href=\"https:\/\/fortbildungen.berlin\/training\/122032\"><span class=\"s1\"><b>Regionalkonferenz Englisch f\u00fcr Sek I, Sek II (Steglitz-Zehlendorf)<\/b><\/span><\/a> 25.1-122032<\/li>\n<\/ul>\n<p class=\"p1\"><b>Ganztag und soziales Lernen<\/b><\/p>\n<ul class=\"ul1\">\n<li class=\"li3\"><span class=\"s3\"><b><\/b>Di., 06.05.2025, 09:00 Uhr &#8211; 12:00 Uhr <a href=\"https:\/\/fortbildungen.berlin\/training\/121157\"><span class=\"s1\"><b>Netzwerktreffen der koordinierenden Fachkr\u00e4fte Gruppe B<\/b><\/span><\/a> 25.1-121157<\/span><\/li>\n<\/ul>\n<p class=\"p1\"><b>Gesellschaftswissenschaften SEK I, SEK II<\/b><\/p>\n<ul class=\"ul1\">\n<li class=\"li2\"><b><\/b>Mi., 07.05.2025, 15:00 Uhr &#8211; 18:00 Uhr <b><i>Online-Kurs: <\/i><\/b><a href=\"https:\/\/fortbildungen.berlin\/training\/120927\"><span class=\"s1\"><b>Regionalkonferenz Ethik f\u00fcr Sek I (Spandau)<\/b><\/span><\/a> 25.1-120927<\/li>\n<\/ul>\n<p class=\"p6\"><b>Inklusion und Begabungsf\u00f6rderung<\/b><\/p>\n<ul class=\"ul1\">\n<li class=\"li7\">Do., 22.05.2025, 14:30 Uhr &#8211; 17:30 Uhr <a href=\"https:\/\/fortbildungen.berlin\/training\/125491\"><span class=\"s1\"><b>3. Netzwerktreffen Inklusion (Verbund 3)<\/b><\/span><\/a> 25.1-125491<\/li>\n<li class=\"li8\"><span class=\"s5\">Mi., 04.06.2025, 14:30 Uhr &#8211; 17:00 Uhr <a href=\"https:\/\/fortbildungen.berlin\/training\/120903\"><span class=\"s1\"><b>Netzwerktreffen der Sprachbildungskoordinatoren\/-innen des Verbundes<\/b><\/span><\/a> 3 25.1-120903<\/span><\/li>\n<\/ul>\n<p class=\"p6\"><b>Kunst <\/b><\/p>\n<ul class=\"ul1\">\n<li class=\"li10\"><span class=\"s3\"><b><\/b>Di., 06.05.2025, 15:00 Uhr &#8211; 18:00 Uhr <a href=\"https:\/\/fortbildungen.berlin\/training\/122333\"><span class=\"s1\"><b>Regionalkonferenz Kunst f\u00fcr Sek I, Sek II (Spandau, Charlottenburg-Wilmersdorf)<\/b><\/span><\/a> 25.1-122333<\/span><\/li>\n<\/ul>\n<p class=\"p6\"><b>Mathematik<\/b><\/p>\n<ul class=\"ul1\">\n<li class=\"li10\"><span class=\"s3\"><b><\/b>Di., 03.06.2025, 14:30 Uhr &#8211; 17:30 Uhr <a href=\"https:\/\/fortbildungen.berlin\/training\/120440\"><span class=\"s1\"><b>Regionalkonferenz Mathematik f\u00fcr GS\/FZ (Steglitz-Zehlendorf)<\/b><\/span><\/a> 25.1-120440<\/span><\/li>\n<li class=\"li10\"><span class=\"s3\"><b><\/b>Mi., 18.06.2025, 14:30 Uhr &#8211; 17:00 Uhr <a href=\"https:\/\/fortbildungen.berlin\/training\/119820\"><span class=\"s1\"><b>Regionalkonferenz Mathematik f\u00fcr GS\/FZ (Charlottenburg-Wilmersdorf)<\/b><\/span><\/a> 25.1-119820<\/span><\/li>\n<li class=\"li7\"><b><\/b>Mi., 25.06.2025, 15:00 Uhr &#8211; 17:30 Uhr <a href=\"https:\/\/fortbildungen.berlin\/training\/119821\"><span class=\"s1\"><b>Regionalkonferenz Mathematik f\u00fcr GS\/FZ (Spandau)<\/b><\/span><\/a> 25.1-119821<\/li>\n<\/ul>\n<p class=\"p6\"><b>Medienbildung\/Informatik<\/b><\/p>\n<ul class=\"ul1\">\n<li class=\"li10\"><span class=\"s3\"><b><\/b>Di., 08.07.2025, 15:30 Uhr &#8211; 17:30 Uhr <a href=\"https:\/\/fortbildungen.berlin\/training\/125015\"><span class=\"s1\"><b>Netzwerktreffen IT-Betreuer\/-innen in der Region Steglitz-Zehlendorf<\/b><\/span><\/a> 25.1-125015<\/span><\/li>\n<\/ul>\n<p class=\"p6\"><b>Psychologie<\/b><\/p>\n<ul class=\"ul1\">\n<li class=\"li10\"><span class=\"s3\"><b><\/b>Di., 06.05.2025, 15:00 Uhr &#8211; 17:30 Uhr <a href=\"https:\/\/fortbildungen.berlin\/training\/120026\"><span class=\"s1\"><b>Regionalkonferenz Psychologie f\u00fcr Sek II (Verbund 3 und weitere Regionen)<\/b><\/span><\/a> 25.1-120026<\/span><\/li>\n<\/ul>\n<p class=\"p6\"><b>Romanische Sprachen <\/b><\/p>\n<ul class=\"ul1\">\n<li class=\"li7\"><b><\/b>Do., 12.06.2025, 15:30 Uhr &#8211; 18:00 Uhr <a href=\"https:\/\/fortbildungen.berlin\/training\/123759\"><span class=\"s1\"><b>Netzwerktreffen Spanisch ISS<\/b><\/span><\/a> 25.1-123759<\/li>\n<\/ul>\n<p class=\"p6\"><b>Sachunterricht\/Nawi\/Gewi 5\/6<\/b><\/p>\n<ul class=\"ul1\">\n<li class=\"li7\">Di., 20.05.2025, 15:00 Uhr &#8211; 18:00 Uhr <a href=\"https:\/\/fortbildungen.berlin\/training\/121020\"><span class=\"s1\"><b>Regionalkonferenz NaWi f\u00fcr GS\/FZ (Spandau)<\/b><\/span><\/a> 25.1-121020<\/li>\n<\/ul>\n<p class=\"p6\"><b>Schulentwicklung<\/b><\/p>\n<ul class=\"ul1\">\n<li class=\"li7\"><b><\/b>Mi., 14.05.2025, 15:30 Uhr &#8211; 17:30 Uhr <a href=\"https:\/\/fortbildungen.berlin\/training\/122519\"><span class=\"s1\"><b>Netzwerktreffen der Spandauer Fortbildungsbeauftragten<\/b><\/span><\/a> 25.1-122519<\/li>\n<li class=\"li10\"><span class=\"s3\"><b><\/b>Di., 03.06.2025, 15:30 Uhr &#8211; 17:30 Uhr <a href=\"https:\/\/fortbildungen.berlin\/training\/122739\"><span class=\"s1\"><b>Netzwerktreffen der Fortbildungsbeauftragten in Charlottenburg-Wilmersdorf<\/b><\/span><\/a> 25.1-122739 <\/span><\/li>\n<li class=\"li10\"><span class=\"s3\"><b><\/b>Do., 05.06.2025, 15:30 Uhr &#8211; 17:30 Uhr <a href=\"https:\/\/fortbildungen.berlin\/training\/128073\"><span class=\"s1\"><b>Netzwerktreffen der Fortbildungsbeauftragten in Steglitz-Zehlendorf<\/b><\/span><\/a><\/span> <span class=\"s3\">25.1-128073<\/span><\/li>\n<\/ul>\n<p class=\"p6\"><b>Willkommensklassen <\/b><\/p>\n<ul class=\"ul1\">\n<li class=\"li10\"><span class=\"s3\"><b><\/b>Mi., 11.06.2025, 15:00 Uhr &#8211; 17:30 Uhr <a href=\"https:\/\/fortbildungen.berlin\/training\/122193\"><span class=\"s1\"><b>Netzwerktreffen der Willkommensklassenlehrkr\u00e4fte Spandau<\/b><\/span><\/a> 25.1-122193<\/span><\/li>\n<li class=\"li10\"><span class=\"s3\"><b><\/b>Do., 19.06.2025, 15:00 Uhr &#8211; 17:00 Uhr <a href=\"https:\/\/fortbildungen.berlin\/training\/122682\"><span class=\"s1\"><b>Netzwerktreffen Willkommensklassenlehrkr\u00e4fte Charlottenburg-Wilmersdorf (GS)<\/b><\/span><\/a> 25.1-122682<\/span><\/li>\n<li class=\"li10\"><span class=\"s3\"><b><\/b>Do., 19.06.2025, 15:00 Uhr &#8211; 17:00 Uhr <a href=\"https:\/\/fortbildungen.berlin\/training\/122683\"><span class=\"s1\"><b>Netzwerktreffen Willkommensklassenlehrkr\u00e4fte Charlottenburg-Wilmersdorf (OS)<\/b><\/span><\/a> 25.1-122683 <\/span><\/li>\n<li class=\"li10\"><span class=\"s3\"><b><\/b>Do., 26.06.2025, 15:00 Uhr &#8211; 17:00 Uhr <a href=\"https:\/\/fortbildungen.berlin\/training\/125266\"><span class=\"s1\"><b>Netzwerktreffen der Willkommensklassenlehrkr\u00e4fte Steglitz-Zehlendorf<\/b><\/span><\/a> 25.1-125266<\/span><\/li>\n<\/ul>\n<h1 class=\"p13\"><b>Regionale Fortbildungsangebote<\/b><b><\/b><\/h1>\n<p class=\"p15\"><b>Alte Sprachen<\/b><\/p>\n<ul class=\"ul1\">\n<li class=\"li7\"><b><\/b>Mi., 14.05.2025, 15:00 Uhr &#8211; 17:30 Uhr <b><i>Online-Kurs: <\/i><\/b><a href=\"https:\/\/fortbildungen.berlin\/training\/121142\"><span class=\"s1\"><b>Geschlechterrollen und -bilder im altsprachlichen Unterricht<\/b><\/span><\/a> 25.1-121142<\/li>\n<\/ul>\n<p class=\"p15\"><b>Deutsch GS\/FZ<\/b><\/p>\n<ul class=\"ul1\">\n<li class=\"li7\">Mi., 14.05.2025, 14:30 Uhr &#8211; 17:30 Uhr <a href=\"https:\/\/fortbildungen.berlin\/training\/119885\"><span class=\"s1\"><b>Fit f\u00fcr die Saph &#8211; Vorlesen und was dann?<\/b><\/span><\/a> 25.1-119885<\/li>\n<li class=\"li7\">Do., 15.05.2025, 15:00 Uhr &#8211; 16:30 Uhr <a href=\"https:\/\/fortbildungen.berlin\/training\/120370\"><span class=\"s1\"><b>\u201cDenkwege in die Rechtschreibung\u201c<\/b><\/span><\/a> 25.1-120370<\/li>\n<li class=\"li7\">Mi., 04.06.2025, 14:30 Uhr &#8211; 17:00 Uhr <b><i>Online-Kurs:<\/i><\/b> <a href=\"https:\/\/fortbildungen.berlin\/training\/120001\"><span class=\"s1\"><b>Fit f\u00fcr die Saph &#8211; Schreibfl\u00fcssigkeit<\/b><\/span><\/a> 25.1-120001<\/li>\n<li class=\"li7\">Di., 08.07.2025, 15:30 Uhr &#8211; 17:00 Uhr <a href=\"https:\/\/fortbildungen.berlin\/training\/128093\"><span class=\"s1\"><b>M\u00fcndliche Klassenarbeiten im Fach Deutsch<\/b><\/span><\/a> 25.1-128093<\/li>\n<\/ul>\n<p class=\"p15\"><b>Deutsch Sek I, Sek II<\/b><\/p>\n<ul class=\"ul1\">\n<li class=\"li7\"><b><\/b>Mi., 07.05.2025, 15:00 Uhr &#8211; 18:00 Uhr <b><i>Online-Kurs:<\/i><\/b> <a href=\"https:\/\/fortbildungen.berlin\/training\/124400\"><span class=\"s1\"><b>Abiturschwerpunkt: Jenny Erpenbeck \u2013 \u201eHeimsuchung\u201c<\/b><\/span><\/a> 25.1-124400<\/li>\n<li class=\"li7\"><b><\/b>Mi., 11.06.2025, 15:00 Uhr &#8211; 17:30 Uhr\u00a0<b><i>Online-Kurs: <\/i><\/b><a href=\"https:\/\/fortbildungen.berlin\/training\/126116\"><span class=\"s1\"><b>Die Dramenstruktur in Kleists \u201cDer zerbrochne Krug\u201c<\/b><\/span><\/a> 25.1-126116<\/li>\n<\/ul>\n<p class=\"p15\"><b>Englisch GS\/FZ<\/b><\/p>\n<ul class=\"ul1\">\n<li class=\"li10\"><span class=\"s3\"><b><\/b>Mo., 12.05.2025, 15:00 Uhr &#8211; 17:00 Uhr <a href=\"https:\/\/fortbildungen.berlin\/training\/121904\"><span class=\"s1\"><b>Success breeds success &#8211; den \u00dcbergang in Englisch erfolgreich gestalten<\/b><\/span><\/a> 25.1-121904 <\/span><\/li>\n<li class=\"li7\"><b><\/b>Di., 20.05.2025, 15:00 Uhr &#8211; 16:30 Uhr <span class=\"s8\"><b><i>Online-Kurs: <\/i><\/b><a href=\"https:\/\/fortbildungen.berlin\/training\/125975\"><span class=\"s9\"><b>Digitale B\u00fccher mit dem Book Creator erstellen<\/b><\/span><\/a><\/span> 25.1-125975<\/li>\n<li class=\"li7\"><b><\/b>Mi., 04.06.2025, 16:00 Uhr &#8211; 18:00 Uhr <a href=\"https:\/\/fortbildungen.berlin\/training\/128032\"><span class=\"s1\"><b>Lekt\u00fcren im Englischunterricht der Klassen 5 und 6<\/b><\/span><\/a> 25.1-128032<\/li>\n<li class=\"li7\"><b><\/b>Di., 17.06.2025, 15:00 Uhr &#8211; 16:30 Uhr <span class=\"s8\"><b><i>Online-Kurs: <\/i><\/b><a href=\"https:\/\/fortbildungen.berlin\/training\/125977\"><span class=\"s9\"><b>Nachhaltige Wortschatzarbeit im Fremdsprachenunterricht<\/b><\/span><\/a><\/span> 25.1-125977<\/li>\n<li class=\"li10\"><span class=\"s3\"><b><\/b>Mi., 25.06.2025, 15:30 Uhr &#8211; 17:30 Uhr <\/span><span class=\"s10\"><b><i>Online-Kurs: <\/i><\/b><a href=\"https:\/\/fortbildungen.berlin\/training\/127122\"><span class=\"s9\"><b>Englischunterricht in Klasse 5\/6 &#8211; differenzierend, motivierend, nachhaltig<\/b><\/span><\/a><\/span><span class=\"s3\"> 25.1-127122<\/span><\/li>\n<\/ul>\n<p class=\"p15\"><b>Ganztag und soziales Lernen<\/b><\/p>\n<ul class=\"ul1\">\n<li class=\"li10\"><span class=\"s3\"><b><\/b>Mi., 07.05.2025, 08:30 Uhr &#8211; 11:30 Uhr <a href=\"https:\/\/fortbildungen.berlin\/training\/124915\"><span class=\"s1\"><b>Peer Group Education &#8211; Partizipation und Gewaltpr\u00e4vention im Schulalltag<\/b><\/span><\/a> 25.1-124915<\/span><\/li>\n<li class=\"li10\"><span class=\"s3\"><b><\/b>Di., 03.06.2025, 15:30 Uhr &#8211; 17:00 Uhr <a href=\"https:\/\/fortbildungen.berlin\/training\/128090\"><span class=\"s1\"><b>Kommunikation ist alles: Elterngespr\u00e4che konstruktiv f\u00fchren<\/b><\/span><\/a><\/span> <span class=\"s3\">25.1-128090<\/span><\/li>\n<li class=\"li7\"><b><\/b>Do., 19.06.2025, 14:30 Uhr &#8211; 17:30 Uhr <b><i>Online-Kurs: <\/i><\/b><a href=\"https:\/\/fortbildungen.berlin\/training\/121114\"><span class=\"s1\"><b>Kommunikationstraining Modul 5: \u201cCoaching und Training\u201c<\/b><\/span><\/a> 25.1-121114<\/li>\n<li class=\"li7\"><b><\/b>Do., 26.06.2025, 15:30 Uhr &#8211; 17:30 Uhr <a href=\"https:\/\/fortbildungen.berlin\/training\/128089\"><span class=\"s1\"><b>Mobbing stoppen: No-Blame-Approach und Farsta-Methode<\/b><\/span><\/a><b> <\/b>25.1-128089<\/li>\n<\/ul>\n<p class=\"p15\"><b>Gesellschaftswissenschaften Sek I, Sek II<\/b><span class=\"s3\">\u00a0<\/span><\/p>\n<ul class=\"ul1\">\n<li class=\"li10\"><span class=\"s3\">Mi., 07.05.2025, 14:30 Uhr &#8211; 17:30 Uhr <a href=\"https:\/\/fortbildungen.berlin\/training\/125606\"><span class=\"s1\"><b>Unterricht im gesellschaftswissenschaftlichen F\u00e4cherverbund gestalten<\/b><\/span><\/a><\/span> <span class=\"s3\">25.1-125606<\/span><\/li>\n<li class=\"li7\">Mi., 07.05.2025, 15:00 Uhr &#8211; 16:30 Uhr <b><i>Online-Kurs:<\/i><\/b> <a href=\"https:\/\/fortbildungen.berlin\/training\/119932\"><span class=\"s1\"><b>Europa unterrichten mit digitalen Tools<\/b><\/span><\/a> 25.1-119932<\/li>\n<li class=\"li7\">Di., 13.05.2025, 16:00 Uhr &#8211; 17:30 Uhr <b><i>Online-Kurs: <\/i><\/b><a href=\"https:\/\/fortbildungen.berlin\/training\/122249\"><span class=\"s1\"><b>Klassenrat &#8211; Stolpersteine beseitigen<\/b><\/span><\/a> 25.1-122249<\/li>\n<li class=\"li7\"><b><\/b>Mi., 21.05.2025, 15:00 Uhr &#8211; 17:00 Uhr <b><i>Online-Kurs: <\/i><\/b><a href=\"https:\/\/fortbildungen.berlin\/training\/126611\"><span class=\"s1\"><b>Politische Talkformate partizipativ gestalten \u2013 aber wie?!<\/b><\/span><\/a> 25.1-126611<\/li>\n<li class=\"li10\"><span class=\"s3\">Mi., 21.05.2025, 15:30 Uhr &#8211; 17:00 Uhr <\/span><span class=\"s10\"><i>Online-Kurs: <\/i><a href=\"https:\/\/fortbildungen.berlin\/training\/126795\"><span class=\"s9\"><b>DDR-Mythen im Faktencheck: Manipulativem Umgang auf Social Media begegnen<\/b><\/span><\/a><\/span><span class=\"s3\"> 25.1-126795<\/span><\/li>\n<li class=\"li10\"><span class=\"s3\">Di., 03.06.2025, 15:00 Uhr &#8211; 16:30 Uhr <\/span><span class=\"s10\"><i>Online-Kurs: <\/i><a href=\"https:\/\/fortbildungen.berlin\/training\/126917\"><span class=\"s9\"><b>Verschw\u00f6rungserz\u00e4hlungen im Unterricht \u2013 verstehen, erkennen und einordnen<\/b><\/span><\/a><\/span><span class=\"s3\"> 25.1-126917 <\/span><\/li>\n<li class=\"li7\">Fr., 20.06.2025, 15:00 Uhr &#8211; 16:30 Uhr <span class=\"s8\"><b><i>Online-Kurs: <\/i><\/b><a href=\"https:\/\/fortbildungen.berlin\/training\/126442\"><span class=\"s9\"><b>Gender Studies in der Schule?<\/b><\/span><\/a><\/span> 25.1-126442<\/li>\n<\/ul>\n<p class=\"p15\"><b>Inklusion und Begabungsf\u00f6rderung<\/b><\/p>\n<ul class=\"ul1\">\n<li class=\"li7\"><b><\/b>Mo., 05.05.2025, 08:30 Uhr &#8211; 12:00 Uhr\/13:00 Uhr &#8211; 17:00 Uhr <a href=\"https:\/\/fortbildungen.berlin\/training\/126001\"><span class=\"s1\"><b>Fachtagung: Refresher &#8211; Philosophieren und Forschen an eigenen Fragen<\/b><\/span><\/a> 25.1-126001<\/li>\n<li class=\"li10\"><span class=\"s3\">Mi., 07.05.2025, 14:30 Uhr &#8211; 17:00 Uhr <a href=\"https:\/\/fortbildungen.berlin\/training\/121803\"><span class=\"s1\"><b>\u00dcbergang Schule-Beruf f\u00fcr Jugendliche mit Autismus-Spektrum-St\u00f6rungen<\/b><\/span><\/a> 25.1-121803 <\/span><\/li>\n<li class=\"li10\"><span class=\"s3\">Mi., 14.05.2025, 15:00 Uhr &#8211; 17:00 Uhr <a href=\"https:\/\/fortbildungen.berlin\/training\/124148\"><span class=\"s1\"><b>Kinder mit F\u00f6rderschwerpunkt \u201cGeistige Entwicklung\u201c lernen schreiben<\/b><\/span><\/a> 24.2-124148<\/span><\/li>\n<li class=\"li7\">Do., 15.05.2025, 15:00 Uhr &#8211; 16:30 Uhr <a href=\"https:\/\/fortbildungen.berlin\/training\/120370\"><span class=\"s1\"><b>\u201cDenkwege in die Rechtschreibung\u201c<\/b><\/span><\/a> 25.1-120370 Mi.,<\/li>\n<li class=\"li10\"><span class=\"s3\">21.05.2025, 15:00 Uhr &#8211; 17:30 Uhr <a href=\"https:\/\/fortbildungen.berlin\/training\/121519\"><span class=\"s1\"><b>Kinder mit dem F\u00f6rderschwerpunkt \u201cGE\u201c entdecken den Zahlenraum bis 10<\/b><\/span><\/a> 25.1-121519 <\/span><\/li>\n<li class=\"li7\">Mi., 04.06.2025, 14:30 Uhr &#8211; 17:00 Uhr <i>Online-Kurs: <\/i><a href=\"https:\/\/fortbildungen.berlin\/training\/120590\"><span class=\"s1\"><b>Inklusive berufliche Orientierung als Querschnittsaufgabe<\/b><\/span><\/a> 25.1-120590<\/li>\n<li class=\"li10\"><span class=\"s3\">Do., 05.06.2025, 15:00 Uhr &#8211; 17:00 Uhr <a href=\"https:\/\/fortbildungen.berlin\/training\/120376\"><span class=\"s1\"><b>\u201cWie klingt der Wind auf georgisch?\u201c &#8211; Zug\u00e4nge zur Sprache entdecken<\/b><\/span><\/a> 25.1-120376<\/span><\/li>\n<li class=\"li10\"><span class=\"s3\">Mi., 18.06.2025, 14:30 Uhr &#8211; 17:00 Uhr <a href=\"https:\/\/fortbildungen.berlin\/training\/120279\"><span class=\"s1\"><b>Inklusive Berufsorientierung: Wie unterst\u00fctzt man alle auf ihrem Weg?<\/b><\/span><\/a> 24.2-120279<\/span><\/li>\n<li class=\"li10\"><span class=\"s3\">Mo., 23. Juni 2025, 16:00 Uhr &#8211; 17:00 Uhr <a href=\"https:\/\/fortbildungen.berlin\/training\/127656\"><span class=\"s1\"><b>Philosophieren und Forschen an eigenen Fragen \u2013 Vorstellung einer Reihe<\/b><\/span><\/a><b> <\/b>25.1-127656 <\/span><\/li>\n<li class=\"li7\">Mi., 25.06. und 02.07.2025, 16:30 Uhr &#8211; 18:00 Uhr <a href=\"https:\/\/fortbildungen.berlin\/training\/128087\"><span class=\"s1\"><b>Umgang mit ADHS in der Schule<\/b><\/span><\/a> 25.1-128087<\/li>\n<\/ul>\n<p class=\"p15\"><b>Kunst<\/b><\/p>\n<ul class=\"ul1\">\n<li class=\"li7\"><b><\/b>Di., 13.05.2025, 15:00 Uhr &#8211; 17:00 Uhr <b><i>Online-Kurs: <\/i><\/b><a href=\"https:\/\/fortbildungen.berlin\/training\/121561\"><span class=\"s1\"><b>K\u00fcnstlerische Pr\u00fcfungsthemen im MSA und in der 5. PK<\/b><\/span><\/a> 25.1-121561<\/li>\n<li class=\"li7\"><b><\/b>Di., 13.05.2025, 15:00 Uhr &#8211; 18:00 Uhr <a href=\"https:\/\/fortbildungen.berlin\/training\/126340\"><span class=\"s1\"><b>Einf\u00fchrung in die digitale Bildbearbeitung mit Gimp<\/b><\/span><\/a> 25.1-126340<\/li>\n<li class=\"li10\"><span class=\"s3\"><b><\/b>Di., 03.06.2025, 15:00 Uhr &#8211; 18:00 Uhr <a href=\"https:\/\/fortbildungen.berlin\/training\/122342\"><span class=\"s1\"><b>Didaktische Werkstatt &#8211; Vermittlung k\u00fcnstlerischer Verfahren in der Sek I<\/b><\/span><\/a> 25.1-122342 <\/span><\/li>\n<li class=\"li10\"><span class=\"s3\"><b><\/b>Mo., 16.06.2025, 15:00 Uhr &#8211; 18:00 Uhr <a href=\"https:\/\/fortbildungen.berlin\/training\/128444\"><span class=\"s1\"><b>Digital zeichnen im Raum &#8211; Skulpturale Malerei in der virtuellen Realit\u00e4t<\/b><\/span><\/a><\/span> <span class=\"s3\">25.1-128444<\/span><\/li>\n<li class=\"li10\"><span class=\"s3\"><b><\/b>Mi., 18.06.2025, 15:00 Uhr &#8211; 17:30 Uhr <a href=\"https:\/\/fortbildungen.berlin\/training\/122996\"><span class=\"s1\"><b>Erstellen von differenzierenden Arbeitsheften im Kunstunterricht<\/b><\/span><\/a> 25.1-122996<\/span><\/li>\n<\/ul>\n<p class=\"p15\"><b>Mathematik <\/b><\/p>\n<ul class=\"ul1\">\n<li class=\"li10\"><span class=\"s3\"><b><\/b>Mi., 14.05.2025, 14:30 Uhr &#8211; 17:00 Uhr <a href=\"https:\/\/fortbildungen.berlin\/training\/120769\"><span class=\"s1\"><b>Das Geobrett im Geometrieunterricht (Mathematik in der Grundschule)<\/b><\/span><\/a> 25.1-120769<\/span><\/li>\n<li class=\"li10\"><span class=\"s3\"><b><\/b>Mi., 14.05.2025, 14:30 Uhr &#8211; 17:00 Uhr <b><i>Online-Kurs: <\/i><\/b><a href=\"https:\/\/fortbildungen.berlin\/training\/119713\"><span class=\"s1\"><b>Leistungsbewertung und Zeugnisnoten im Fach Mathematik in der Grundschule<\/b><\/span><\/a> 25.1-119713<\/span><\/li>\n<\/ul>\n<p class=\"p15\"><b>Medienbildung <\/b><\/p>\n<ul class=\"ul1\">\n<li class=\"li7\"><b><\/b>Di., 13.05.2025, 15:00 Uhr &#8211; 18:00 Uhr <a href=\"https:\/\/fortbildungen.berlin\/training\/126340\"><span class=\"s1\"><b>Einf\u00fchrung in die digitale Bildbearbeitung mit Gimp<\/b><\/span><\/a> 25.1-126340<\/li>\n<li class=\"li7\"><b><\/b>Do., 22.05.2025, 15:00 Uhr &#8211; 18:00 Uhr <a href=\"https:\/\/fortbildungen.berlin\/training\/123661\"><span class=\"s1\"><b>Programmieren in der Schulanfangsphase<\/b><\/span><\/a><b> <\/b>25.1-123661<\/li>\n<li class=\"li10\"><span class=\"s3\"><b><\/b>Do., 05.06.2025, 16:00 Uhr &#8211; 18:00 Uhr <\/span><span class=\"s10\"><b><i>Online-Kurs: <\/i><\/b><a href=\"https:\/\/fortbildungen.berlin\/training\/126950\"><span class=\"s9\"><b>Digitale Pinnw\u00e4nde mit Taskcards gestalten und f\u00fcr den Unterricht nutzen<\/b><\/span><\/a><\/span><span class=\"s3\"> 25.1-126950 <\/span><\/li>\n<li class=\"li10\"><span class=\"s3\"><b><\/b>Mo., 16.06.2025, 15:00 Uhr &#8211; 18:00 Uhr <a href=\"https:\/\/fortbildungen.berlin\/training\/128444\"><span class=\"s1\"><b>Digital zeichnen im Raum &#8211; Skulpturale Malerei in der virtuellen Realit\u00e4t<\/b><\/span><\/a><\/span> <span class=\"s3\">25.1-128444<\/span><\/li>\n<li class=\"li7\"><b><\/b>Do., 26.06.2025, 16:00 Uhr &#8211; 18:00 Uhr <span class=\"s8\"><b><i>Online-Kurs: <\/i><\/b><a href=\"https:\/\/fortbildungen.berlin\/training\/126952\"><span class=\"s9\"><b>Sketchnotes &#8211; Unterrichtsmaterialien visuell aufwerten<\/b><\/span><\/a><\/span> 25.1-126952<\/li>\n<\/ul>\n<p class=\"p15\"><b>Musik <\/b><\/p>\n<ul class=\"ul1\">\n<li class=\"li10\"><span class=\"s3\"><b><\/b>Di., 06.05.2025, 15:00 Uhr &#8211; 18:00 Uhr <a href=\"https:\/\/fortbildungen.berlin\/training\/119995\"><span class=\"s1\"><b>Fachfremd Musik unterrichten (4): Musik in den Jahreszeiten &#8211; Sommer<\/b><\/span><\/a> 25.1-119995<\/span><\/li>\n<li class=\"li10\"><span class=\"s3\"><b><\/b>Do., 15.05.2025, 16:00 Uhr &#8211; 17:30 Uhr <a href=\"https:\/\/fortbildungen.berlin\/training\/123319\"><span class=\"s1\"><b>Mit der Ukulele in den Unterricht (6): Klassenmusizieren mit Ukulelen<\/b><\/span><\/a> 25.1-123319<\/span><\/li>\n<li class=\"li10\"><span class=\"s3\"><b><\/b>Do., 05.06.2025, 15:00 &#8211; 18:00 Uhr <a href=\"https:\/\/fortbildungen.berlin\/training\/127559\"><span class=\"s1\"><b>Mitspiels\u00e4tze im Unterricht \u2013 Von H\u00e4ndel bis Mussorgsky<\/b><\/span><\/a><b> <\/b>25.1-127559<\/span><\/li>\n<\/ul>\n<p class=\"p15\"><b>Naturwissenschaften Sek I, Sek II<\/b><\/p>\n<ul class=\"ul1\">\n<li class=\"li10\"><span class=\"s3\"><b><\/b>Di., 13.05.2025, 15:00 Uhr &#8211; 18:00 Uhr <a href=\"https:\/\/fortbildungen.berlin\/training\/122024\"><span class=\"s1\"><b>Erhebung qualitativer und quantitativer Daten von Arten in einem Areal<\/b><\/span><\/a> 25.1-122024 <\/span><\/li>\n<li class=\"li7\"><b><\/b>Do., 03.07.2025, 15:00 Uhr &#8211; 17:30 Uhr <a href=\"https:\/\/fortbildungen.berlin\/training\/121569\"><span class=\"s1\"><b>Praktische Photokatalyse f\u00fcr den Oberstufenunterricht<\/b><\/span><\/a> 25.1-121569<\/li>\n<\/ul>\n<p class=\"p15\"><b>Psychologie<\/b><\/p>\n<ul class=\"ul1\">\n<li class=\"li10\"><span class=\"s3\"><b><\/b>Di., 17.06.2025, 15:00 Uhr &#8211; 18:00 Uhr <a href=\"https:\/\/fortbildungen.berlin\/training\/120036\"><span class=\"s1\"><b>Ressourcenst\u00e4rkung und Gesundheitsspsychologie im Unterricht<\/b><\/span><\/a> 25.1-120036<\/span><\/li>\n<\/ul>\n<p class=\"p15\"><b>Romanische Sprachen<\/b><\/p>\n<ul class=\"ul1\">\n<li class=\"li7\"><b><\/b>Mi., 14.05.2025, 15:00 Uhr &#8211; 17:30 Uhr <b><i>Online-Kurs: <\/i><\/b><a href=\"https:\/\/fortbildungen.berlin\/training\/123201\"><span class=\"s1\"><b>Differenzierung im Spanischunterricht<\/b><\/span><\/a> 25.1-123201<\/li>\n<li class=\"li7\"><b><\/b>Mi., 04.06.2025, 15:00 Uhr &#8211; 16:30 Uhr <b><i>Online-Kurs: <\/i><\/b><a href=\"https:\/\/fortbildungen.berlin\/training\/121534\"><span class=\"s1\"><b>Franz\u00f6sische Onlineportale f\u00fcr Filmbildung \u2013 ein \u00dcberblick<\/b><\/span><\/a> 25.1-121534<\/li>\n<li class=\"li7\"><b><\/b>Di., 17.06.2025, 15:00 Uhr &#8211; 16:30 Uhr <span class=\"s8\"><b><i>Online-Kurs: <\/i><\/b><a href=\"https:\/\/fortbildungen.berlin\/training\/125977\"><span class=\"s9\"><b>Nachhaltige Wortschatzarbeit im Fremdsprachenunterricht<\/b><\/span><\/a><\/span> 25.1-125977<\/li>\n<\/ul>\n<p class=\"p15\"><b>Sachunterricht\/Nawi\/Gewi 5\/6 <\/b><\/p>\n<ul class=\"ul1\">\n<li class=\"li7\">Di., 13.05.2025, 16:00 Uhr &#8211; 17:30 Uhr <b><i>Online-Kurs: <\/i><\/b><a href=\"https:\/\/fortbildungen.berlin\/training\/122249\"><span class=\"s1\"><b>Klassenrat &#8211; Stolpersteine beseitigen<\/b><\/span><\/a> 25.1-122249<\/li>\n<li class=\"li7\">Do., 15.05.2025, 14:30 Uhr &#8211; 17:30 Uhr <b><i>Online-Kurs: <\/i><\/b><a href=\"https:\/\/fortbildungen.berlin\/training\/120405\"><span class=\"s1\"><b>Interaktive \u00dcbungen f\u00fcr GeWi- und Sachunterricht<\/b><\/span><\/a> 25.1-120405<\/li>\n<li class=\"li7\">Mo., 19.05.2025, 15:00 Uhr &#8211; 18:00 Uhr <a href=\"https:\/\/fortbildungen.berlin\/training\/122027\"><span class=\"s1\"><b>Unser Haushuhn &#8211; Haustier oder Nutztier?<\/b><\/span><\/a> 25.1-122027<\/li>\n<li class=\"li10\"><span class=\"s3\">Mi., 18.06.2025, 14:30 Uhr &#8211; 17:30 Uhr <a href=\"https:\/\/fortbildungen.berlin\/training\/122101\"><span class=\"s1\"><b>Kr\u00e4utervielfalt mit allen Sinnen &#8211; Unterrichtsideen f\u00fcr die Grundschule<\/b><\/span><\/a> 25.1-122101<\/span><\/li>\n<li class=\"li10\"><span class=\"s3\">Do., 19.06.2025, 15:00 Uhr &#8211; 18:00 Uhr <a href=\"https:\/\/fortbildungen.berlin\/training\/120371\"><span class=\"s1\"><b>Und pl\u00f6tzlich h\u00e4lt der Turm: Bauen und Konstruieren im Sachunterricht<\/b><\/span><\/a> 25.1-120371<\/span><\/li>\n<\/ul>\n<p class=\"p15\"><b>Schulanfangsphase (Saph)<\/b><\/p>\n<ul class=\"ul1\">\n<li class=\"li7\">Mi., 14.05.2025, 14:30 Uhr &#8211; 17:30 Uhr <a href=\"https:\/\/fortbildungen.berlin\/training\/119885\"><span class=\"s1\"><b>Fit f\u00fcr die Saph &#8211; Vorlesen und was dann?<\/b><\/span><\/a> 25.1-119885<\/li>\n<li class=\"li7\">Mi., 04.06.2025, 14:30 Uhr &#8211; 17:00 Uhr <b><i>Online-Kurs:<\/i><\/b> <a href=\"https:\/\/fortbildungen.berlin\/training\/120001\"><span class=\"s1\"><b>Fit f\u00fcr die Saph &#8211; Schreibfl\u00fcssigkeit<\/b><\/span><\/a> 25.1-120001<\/li>\n<\/ul>\n<p class=\"p15\"><b>Schulentwicklung <\/b><\/p>\n<ul class=\"ul1\">\n<li class=\"li7\">Mo., 12.05.2025, 16:30 Uhr &#8211; 18:00 Uhr\u00a0<b><i>Online-Kurs: <\/i><\/b><a href=\"https:\/\/fortbildungen.berlin\/training\/122100\"><span class=\"s1\"><b>Einf\u00fchrung in das Thema \u201cLerncoaching\u201c<\/b><\/span><\/a> 25.1-122100<\/li>\n<li class=\"li10\"><span class=\"s3\">Di., 13.05.2025, 14:00 Uhr &#8211; 16:00 Uhr <a href=\"https:\/\/fortbildungen.berlin\/training\/127558\"><span class=\"s1\"><b>Sprachbildung im Fachunterricht: Scaffolding &#8211; gelungene Praxisbeispiele<\/b><\/span><\/a><\/span> <span class=\"s3\">25.1-127558<\/span><\/li>\n<li class=\"li10\"><span class=\"s3\"><b><\/b>Di., 03.06.2025, 15:30 Uhr &#8211; 17:00 Uhr <a href=\"https:\/\/fortbildungen.berlin\/training\/128090\"><span class=\"s1\"><b>Kommunikation ist alles: Elterngespr\u00e4che konstruktiv f\u00fchren<\/b><\/span><\/a><\/span> <span class=\"s3\">25.1-128090<\/span><\/li>\n<li class=\"li10\"><span class=\"s3\">Do., 12.06.2025, 15:30 Uhr &#8211; 17:00 Uhr <a href=\"https:\/\/fortbildungen.berlin\/training\/128086\"><span class=\"s1\"><b>Stimm- und Sprechtraining: Kraftvoll sprechen statt zu schreien<\/b><\/span><\/a><\/span> <span class=\"s3\">25.1-128086<\/span><\/li>\n<li class=\"li7\"><b><\/b>Do., 19.06.2025, 14:30 Uhr &#8211; 17:30 Uhr <b><i>Online-Kurs: <\/i><\/b><a href=\"https:\/\/fortbildungen.berlin\/training\/121114\"><span class=\"s1\"><b>Kommunikationstraining Modul 5: \u201cCoaching und Training\u201c<\/b><\/span><\/a> 25.1-121114<\/li>\n<li class=\"li7\">Mo., 23.06.2025, 15:30 Uhr &#8211; 17:30 Uhr <a href=\"https:\/\/fortbildungen.berlin\/training\/126984\"><span class=\"s1\"><b>Eine Klasse erfolgreich leiten<\/b><\/span><\/a> 25.1-126984<\/li>\n<li class=\"li7\"><b><\/b>Do., 26.06.2025, 16:00 Uhr &#8211; 18:00 Uhr <span class=\"s8\"><b><i>Online-Kurs: <\/i><\/b><a href=\"https:\/\/fortbildungen.berlin\/training\/126952\"><span class=\"s9\"><b>Sketchnotes &#8211; Unterrichtsmaterialien visuell aufwerten<\/b><\/span><\/a><\/span> 25.1-126952<\/li>\n<li class=\"li10\"><span class=\"s3\"><b><\/b>Di., 01.07.2025, 15:00 Uhr &#8211; 17:30 Uhr <a href=\"https:\/\/fortbildungen.berlin\/training\/124634\"><span class=\"s1\"><b>Funktionsstellen an GS und FZ &#8211; Aufgaben und M\u00f6glichkeiten (Teil 2)<\/b><\/span><\/a> 25.1-124634<\/span><\/li>\n<\/ul>\n<p class=\"p15\"><b>Sport<\/b><\/p>\n<ul class=\"ul1\">\n<li class=\"li10\"><span class=\"s3\"><b><\/b>Mi., 07.05.2025, 14:30 Uhr &#8211; 17:00 Uhr <a href=\"https:\/\/fortbildungen.berlin\/training\/120680\"><span class=\"s1\"><b>Sport fachfremd unterrichten (Modul 8) &#8222;Einf\u00fchrung in die Leichtathletik: Weitsprung, Hochsprung und Brennball&#8220;<\/b><\/span><\/a> 25.1-120680 <\/span><\/li>\n<li class=\"li7\"><span class=\"s12\">Mo., 26.05.2025, 15:00 Uhr &#8211; 16.30 Uhr\u00a0<a href=\"https:\/\/fortbildungen.berlin\/training\/128049\"><span class=\"s9\"><b>Schwimmen abwechslungsreich und sicher vermitteln<\/b><\/span><\/a><\/span> 25.1-128049<\/li>\n<\/ul>\n<p class=\"p15\"><b>Willkommensklassen<\/b><\/p>\n<ul class=\"ul1\">\n<li class=\"li10\"><span class=\"s3\"><b><\/b>Mi., 07.05.2025, 15:30 Uhr &#8211; 17:30 Uhr <a href=\"https:\/\/fortbildungen.berlin\/training\/120470\"><span class=\"s1\"><b>Selbstst\u00e4ndiges Lernen in heterogenen Willkommenslerngruppen<\/b><\/span><\/a> 25.1-120470<\/span><\/li>\n<li class=\"li10\"><span class=\"s3\"><b><\/b>Fr., 11.07.2025, 15:30 Uhr &#8211; 17:30 Uhr <a href=\"https:\/\/fortbildungen.berlin\/training\/124403\"><span class=\"s1\"><b>Leistungs\u00fcberpr\u00fcfung im DaZ-Unterricht (Willkommenssch\u00fcler\/-innen)<\/b><\/span><\/a> 25.1-124403<\/span><\/li>\n<\/ul>\n","protected":false},"excerpt":{"rendered":"","protected":false},"author":1,"featured_media":3702,"comment_status":"closed","ping_status":"closed","sticky":false,"template":"","format":"standard","meta":{"_bbp_topic_count":0,"_bbp_reply_count":0,"_bbp_total_topic_count":0,"_bbp_total_reply_count":0,"_bbp_voice_count":0,"_bbp_anonymous_reply_count":0,"_bbp_topic_count_hidden":0,"_bbp_reply_count_hidden":0,"_bbp_forum_subforum_count":0,"footnotes":""},"categories":[1],"tags":[],"class_list":["post-831","post","type-post","status-publish","format-standard","has-post-thumbnail","hentry","category-allgemein"],"gutentor_comment":0,"_links":{"self":[{"href":"https:\/\/fortbildung-verbund3.schule.de\/index.php?rest_route=\/wp\/v2\/posts\/831","targetHints":{"allow":["GET"]}}],"collection":[{"href":"https:\/\/fortbildung-verbund3.schule.de\/index.php?rest_route=\/wp\/v2\/posts"}],"about":[{"href":"https:\/\/fortbildung-verbund3.schule.de\/index.php?rest_route=\/wp\/v2\/types\/post"}],"author":[{"embeddable":true,"href":"https:\/\/fortbildung-verbund3.schule.de\/index.php?rest_route=\/wp\/v2\/users\/1"}],"replies":[{"embeddable":true,"href":"https:\/\/fortbildung-verbund3.schule.de\/index.php?rest_route=%2Fwp%2Fv2%2Fcomments&post=831"}],"version-history":[{"count":84,"href":"https:\/\/fortbildung-verbund3.schule.de\/index.php?rest_route=\/wp\/v2\/posts\/831\/revisions"}],"predecessor-version":[{"id":4495,"href":"https:\/\/fortbildung-verbund3.schule.de\/index.php?rest_route=\/wp\/v2\/posts\/831\/revisions\/4495"}],"wp:featuredmedia":[{"embeddable":true,"href":"https:\/\/fortbildung-verbund3.schule.de\/index.php?rest_route=\/wp\/v2\/media\/3702"}],"wp:attachment":[{"href":"https:\/\/fortbildung-verbund3.schule.de\/index.php?rest_route=%2Fwp%2Fv2%2Fmedia&parent=831"}],"wp:term":[{"taxonomy":"category","embeddable":true,"href":"https:\/\/fortbildung-verbund3.schule.de\/index.php?rest_route=%2Fwp%2Fv2%2Fcategories&post=831"},{"taxonomy":"post_tag","embeddable":true,"href":"https:\/\/fortbildung-verbund3.schule.de\/index.php?rest_route=%2Fwp%2Fv2%2Ftags&post=831"}],"curies":[{"name":"wp","href":"https:\/\/api.w.org\/{rel}","templated":true}]}}